{"id":10714,"date":"2019-07-03T12:26:15","date_gmt":"2019-07-03T10:26:15","guid":{"rendered":"https:\/\/streetberlin.net\/?p=10714"},"modified":"2020-01-23T15:58:08","modified_gmt":"2020-01-23T14:58:08","slug":"das-german-street-photography-festival","status":"publish","type":"post","link":"https:\/\/streetberlin.net\/de\/das-german-street-photography-festival\/","title":{"rendered":"Das German Street Photography Festival &#8211; Die Inside Story"},"content":{"rendered":"\n<p>Das German Street Photography Festival liegt jetzt 10 Tage zur\u00fcck. Zeit genug, meine Eindr\u00fccke sacken zu lassen und eine kleine Bilanz zu ziehen.<\/p>\n\n\n\n<h2 class=\"wp-block-heading\">Der Anfang: Hamburg November 2017<\/h2>\n\n\n\n<p>Im November 2017 trafen sich <strong>Marco Larousse<\/strong>, <strong>Siegfried Hansen<\/strong> und ich in Hamburg.  Gemeinsam wollten wir eine bessere Sichtbarkeit der deutschen Streetfotografie Szene erreichen. Marco kannte ich seit einigen Jahren, mit Siegfried hatte ich bis dato nur ein paar Mails ausgetauscht. Meine Erwartung war, wir plaudern ein wenig und des Rest des Tages fotografiere  ich in Hamburg. Zum Fotografieren kam ich dann nicht. Wir haben viele Stunden geredet und geplant. Wir drei hatten uns gefunden.<\/p>\n\n\n\n<p>Wir planten zwei Projekte: Eine Webseite, die deutsche Strassenfotografie vorstellt und ein <a rel=\"noreferrer noopener\" aria-label=\"Streetfotografie Festival (opens in a new tab)\" href=\"https:\/\/www.germanstreetphotographyfestival.com\/\" target=\"_blank\">Streetfotografie Festival<\/a>.  Die Webseite war f\u00fcr das erste Halbjahr 2018 geplant und das Festival f\u00fcr 2019. <\/p>\n\n\n\n<figure class=\"wp-block-image\"><img fetchpriority=\"high\" decoding=\"async\" width=\"800\" height=\"680\" src=\"https:\/\/streetberlin.net\/wp-content\/uploads\/2019\/07\/German-Street-Photography-Festival-1.jpg\" alt=\"German Street Photography Festival\" class=\"wp-image-10723\" srcset=\"https:\/\/streetberlin.net\/wp-content\/uploads\/2019\/07\/German-Street-Photography-Festival-1.jpg 800w, https:\/\/streetberlin.net\/wp-content\/uploads\/2019\/07\/German-Street-Photography-Festival-1-300x255.jpg 300w, https:\/\/streetberlin.net\/wp-content\/uploads\/2019\/07\/German-Street-Photography-Festival-1-768x653.jpg 768w\" sizes=\"(max-width: 800px) 100vw, 800px\" \/><\/figure>\n\n\n\n<h2 class=\"wp-block-heading\">Erfolge, Misserfolge und die Durstrecke<\/h2>\n\n\n\n<p>Der Aufbau der <a rel=\"noreferrer noopener\" aria-label=\"Deutsche Streetfotografie Seite  (opens in a new tab)\" href=\"https:\/\/germanstreetphotography.com\/de\/\" target=\"_blank\">Deutsche Streetfotografie Seite <\/a>kommt gut voran. Webseiten bauen kann ich gut, wir verst\u00e4ndigen uns schnell auf Fotografen und Fotografinnen, die wir zeigen wollen. Der Rest ist dann einfach umsetzen. Die deutsche Streetfotografie Seite wird gut aufgenommen. Und wenn heute jemand nach &#8222;Streetfotografie in Deutschland&#8220; googelt, dann st\u00f6sst er auf ein qualifiziertes Informationsangebot. <\/p>\n\n\n\n<p>Im August erscheint das Buch &#8222;Streetfotografie &#8211; Made in Germany&#8220; an dem auch Marco, Siegfried und ich mitgeschrieben haben. Wir versuchen, den Rheinwerk Verlag zu bewegen, die Ver\u00f6ffentlichung mit einem Streetfotografie Event zu verbinden. Der Verlag lehnt unser Konzept ab. Eine verpasste Chance. <\/p>\n\n\n\n<p>Marco und Siegfried finden mit dem Goldbek Haus einen geeigneten Veranstaltungsort f\u00fcr unser Street Photography Festival. Wir legen den Termin auf Juni 2019 fest und reservieren den Ort. Was wir ganz lange nicht finden, ist ein Sponsor. Tats\u00e4chlich solange nicht, dass wir schon glauben, das Festival verschieben oder gar absagen zu m\u00fcssen.<\/p>\n\n\n\n<figure class=\"wp-block-image\"><img decoding=\"async\" width=\"800\" height=\"680\" src=\"https:\/\/streetberlin.net\/wp-content\/uploads\/2019\/07\/German-Street-Photography-Festival-2-P.jpg\" alt=\"German Street Photography Festival\" class=\"wp-image-10726\" srcset=\"https:\/\/streetberlin.net\/wp-content\/uploads\/2019\/07\/German-Street-Photography-Festival-2-P.jpg 800w, https:\/\/streetberlin.net\/wp-content\/uploads\/2019\/07\/German-Street-Photography-Festival-2-P-300x255.jpg 300w, https:\/\/streetberlin.net\/wp-content\/uploads\/2019\/07\/German-Street-Photography-Festival-2-P-768x653.jpg 768w\" sizes=\"(max-width: 800px) 100vw, 800px\" \/><\/figure>\n\n\n\n<h2 class=\"wp-block-heading\">Die hei\u00dfe Vorbereitungsphase<\/h2>\n\n\n\n<p>Ende M\u00e4rz 2019 dann die erl\u00f6sende Zusage von <strong>Panasonic Lumix<\/strong>. Der Hauptsponsor steht. Marco baut in Hochgeschwindigkeit eine Webseite f\u00fcr das Festival. Anfang April kommunizieren wir das Festival nach aussen. Wir haben nicht einmal mehr 3 Monate bis zum Beginn des Festivals und viele Fragen sind noch offen: <\/p>\n\n\n\n<ul class=\"wp-block-list\"><li>Wie sieht die Tagesordnung aus?<\/li><li>Welche Referenten und Referentinnen werden reden?<\/li><li>Welche Fotografen und Fotografinnen laden wir zur Ausstellung ein?<\/li><li>Auf welcher Plattform lassen wir den Wettbewerb laufen? <\/li><li>Wer sitzt in der Jury?<\/li><li>Wo lassen wir die Bilder drucken?<\/li><li>und ..und..und&#8230;<\/li><\/ul>\n\n\n\n<p>Was folgt sind nicht enden wollende Skype Calls und Whatsapp Chats &#8211; und eine unglaubliche Menge Arbeit f\u00fcr die beiden Hamburger Siegfried und Marco. <\/p>\n\n\n\n<p>Das Grossartige ist: Alle sind kurzfristig bereit mitzumachen: Die Kollektive, die Juroren und Jurorinnen, die Referentinnen und das Soul of Street Team.  Wir sind \u00fcberw\u00e4ltigt von der Resonanz. Die Tickets zum Symposium sind binnen k\u00fcrzester Zeit ausverkauft. Mehr als tausend Bilder werden zum Wettbewerb eingereicht. <\/p>\n\n\n\n<p>Und es bleibt spannend bis zum Schluss: Nicole Struppert erkrankt und kann nicht vortragen, Birka Wiedmaier springt in letzter Sekunde ein (Vielen Dank, liebe Birka und gute Besserung liebe Nicole). Wenige Stunden vor Er\u00f6ffnung des Festivals stellen wir fest, dass die Bilder sich nicht so h\u00e4ngen lassen, wie geplant. Improvisation ist alles und Freitag abend h\u00e4ngen dann auch die Bilder. Auch sonst ist alles fertig. Ganz glauben kann ich es nicht. Wir haben es tats\u00e4chlich geschafft. Das German Street Photography Festival kann beginnen.<\/p>\n\n\n\n<figure class=\"wp-block-image\"><img decoding=\"async\" width=\"800\" height=\"680\" src=\"https:\/\/streetberlin.net\/wp-content\/uploads\/2019\/07\/German-Street-Photography-Festival-3.jpg\" alt=\"German Street Photography Festival Hamburg 2019\" class=\"wp-image-10730\" srcset=\"https:\/\/streetberlin.net\/wp-content\/uploads\/2019\/07\/German-Street-Photography-Festival-3.jpg 800w, https:\/\/streetberlin.net\/wp-content\/uploads\/2019\/07\/German-Street-Photography-Festival-3-300x255.jpg 300w, https:\/\/streetberlin.net\/wp-content\/uploads\/2019\/07\/German-Street-Photography-Festival-3-768x653.jpg 768w\" sizes=\"(max-width: 800px) 100vw, 800px\" \/><\/figure>\n\n\n\n<h2 class=\"wp-block-heading\">Das German Street Photography Festival<\/h2>\n\n\n\n<p><strong>Freitag<\/strong> geht es los: <strong>Marco Larousse<\/strong> h\u00e4lt die Er\u00f6ffnungsrede, <strong>Siegfried Hansen<\/strong> und ich  geben die Gewinner des Wettbewerbs bekannt und die Ausstellung mit \u00fcber 80 Bildern von  31 Fotografen und Fotografinnen wird er\u00f6ffnet. Es ist voll, die Stimmung ist toll, viele bekannte Gesichter und viele unbekannte Gesichter mit bekannten Namen. <\/p>\n\n\n\n<p><strong>Samstag<\/strong> ist richtig volles Programm: <\/p>\n\n\n\n<ul class=\"wp-block-list\"><li><strong>Marco Larousse<\/strong> gibt eine knackige Standortbestimmung zur Streetfotografie in Deutschland<\/li><li>Die 8 Streetfotografie Kollektive stellen sich vor: <strong>Berlin1020<\/strong>,  <strong>Berlin Street Photography Club, Frankfurt Collateral Eyes, Munich Street Photography Collective, NRW35, N\u00fcrnberg Unposed, Street Photography Cologne<\/strong> und <strong>Unposed Society Hannover<\/strong>. Ich bin beeindruckt von den vielf\u00e4ltigen Initiativen und Aktivit\u00e4ten der Kollektive. Die Organisation klappt auch ganz wunderbar: Alle sind da, halten sich an den Zeitrahmen und halten gute Vortr\u00e4ge.<\/li><li><strong>Siegfried Hansen<\/strong> stellt sein PILOT System vor. Dieser Vortrag geh\u00f6rt f\u00fcr mich zu den H\u00f6hepunkten des Festivals. Es macht deutlich, dass gute oder gar gro\u00dfartige Streetfotos kein Zufall sondern das Ergebnis systematischer und auch oft jahrelanger Arbeit sind. <\/li><li><strong>Pia Parolin<\/strong> erz\u00e4hlt vom Entstehen und dem Erfolg ihrer &#8222;Promenade Moments&#8220; Serie. Es wird sehr deutlich, dass eine gute Serie zu produzieren, die &#8222;ankommt&#8220;, nur ein Teil des Erfolges ist. Der andere Teil ist eben Initiative, Engagement, Netzwerken und das sehr aktive Vermarkten der eigenen Arbeit.<\/li><li><strong>Birka Wiedmaier<\/strong> erz\u00e4hlt wie sie in den Metropolen Moskau und Istanbul fotografiert. Ich bin fasziniert davon, wie sehr es Birka gelingt, sich auf diese so unterschiedlichen St\u00e4dte einzulassen. <\/li><li>Marco Larousse interviewt die beiden <strong>Soul of Street<\/strong> Macher <strong>Reiner Girsch<\/strong> and <strong>Marc Barkowski<\/strong>. Mich beeindruckt einmal mehr die Gelassenheit mit der die beiden vom Blatt machen erz\u00e4hlen. Die Leidenschaft und der Spa\u00df kommt gut r\u00fcber. Die harte Arbeit bleibt im Hintergrund.  <\/li><li>Ich erz\u00e4hle davon, wie man Streetfotografie in eine Ausstellung bringt. Fazit: Ausstellung machen ist immer ein Teamsport und Ausstellungen bekommt, wer sich um Ausstellungen aktiv bem\u00fcht. <\/li><li>Es folgt der <strong>Photo Slam<\/strong>, Marco, Siegfried und ich besprechen Bilder, die in den Vortagen eingereicht wurden. Siegfried und ich sehen die Bilder das erste mal. Der Photo Slam ist der Hit, wir drei k\u00f6nnen uns gut die B\u00e4lle zu werfen und gleichzeitig unterschiedliche Standpunkte anbieten. Das Publikum geht wirklich mit und wir haben auch im Nachgang viel positives Feedback f\u00fcr den Slam bekommen. <\/li><\/ul>\n\n\n\n<p><strong>Sonntag<\/strong> war dialogorientiert.<\/p>\n\n\n\n<ul class=\"wp-block-list\"><li>Nach einem Impulsvortrag folgt die Gespr\u00e4chsrunde mit Marco, Siegfried und mir zum Thema &#8222;Webseite vs Social Media &#8211; Wie pr\u00e4sentiere ich Streetfotografie online?&#8220; Meine pers\u00f6nliches Highlight: Man kann morgens um 10 Uhr die &#8222;CMS&#8220; und &#8222;https&#8220; sagen, ohne alle sofort einzuschl\u00e4fern. Mein Fazit: Wer seine Fotografie ernstnimmt, kommt um eine eigene Webseite nicht herum. Die Inhalte hierf\u00fcr auszuw\u00e4hlen ist weit schwieriger als die Technik zu meistern. <\/li><li>Ein Gespr\u00e4ch mit Siegfried und mir zum Thema &#8222;Konfliktmanagement auf der Stra\u00dfe&#8220;. F\u00fcr mich das spannendste Ergebnis: Konflikte lassen sich oft schon im Vorfeld vermeiden, wenn man unauff\u00e4llig und aufdringlich fotografiert. <\/li><li>Es folgt die eine offene Fragerunde.<\/li><li>Zum Ende der zweite Foto Slam: Wieder ein grosser Spass f\u00fcr uns auf der B\u00fchne und nach den Reaktionen zu urteilen, spannend und unterhaltsam f\u00fcr das  Publikum.<\/li><\/ul>\n\n\n\n<h2 class=\"wp-block-heading\">Die Street Photography Ausstellung &#8222;Mein Kiez&#8220; <\/h2>\n\n\n\n<p>Die Street Photography <strong>Ausstellung &#8222;Mein Kiez&#8220; <\/strong>war f\u00fcr mich ein weiteres Highlight des German Street Photography Festivals. <\/p>\n\n\n\n<p>In der Vorbereitung war uns allen sehr klar, wir wollten nicht einfach eine weitere Street Photography Ausstellung. Unsere Idee war eine Ausstellung, die eine Aussage zu Streetfotografie in Deutschland ebenso wie eine Aussage zum Alltag in Deutschland trifft. Entsprechend entschieden wir uns:<\/p>\n\n\n\n<ul class=\"wp-block-list\"><li>nur in Deutschland entstandene Street Photography zu zeigen<\/li><li>als Thema f\u00fcr die Ausstellung und den Wettbewerb &#8222;Mein Kiez&#8220; zu w\u00e4hlen<\/li><\/ul>\n\n\n\n<p>16 renommierte und in Deutschland aktive Streetfotografen und Streetfotografinnen folgten unserer Einladung: <\/p>\n\n\n\n<p>Birka Wiedmaier, Chris Candid Schirrmacher, Christian Reister, Efi Longinou, Fabian Schreyer, Giulia Thinnes, Martin U Waltz, Michael Monty May, Marco Larousse, Nicole Struppert, Siegfried Hansen, Torsten K\u00f6ster, Wolfgang Zurborn, Uli Kaufmann und Ying Tang.<\/p>\n\n\n\n<p>15 Fotografen und Fotografinnen erreichten mit Einzelbildern und Serien die Shortlist des Wettbewerbs und wurden ebenfalls ausgestellt. <\/p>\n\n\n\n<p>Herzlichen  Gl\u00fcckwunsch an: <br>Felix Albrecht<br>Sascha J. Bachmann<br>Andreas Brandau<br>Heike Frielingsdorf<br>Roland Groebe<br>Alexandra Jeberien<br>Achim Katzberg<br>Guido Klumpe<br>Katharina Kowarczyk<br>Kalle Kramer<br>Markus K\u00fchne<br>Filip Macha\u010d<br>Johannes Maechtel<br>Sabine Mondorf<br>Baerbel Niggemann<br>Mette Welm <\/p>\n\n\n\n<p>Eine unglaubliche Vielfalt in der Ausdrucksweise, viele spannende Bilder und Serien. Mit \u00fcber 80 Bildern von 31 Fotografen und Fotografinnen war es auch die gr\u00f6sste Ausstellung von Streetfotografie aus Deutschland.<\/p>\n\n\n\n<figure class=\"wp-block-image\"><img loading=\"lazy\" decoding=\"async\" width=\"800\" height=\"680\" src=\"https:\/\/streetberlin.net\/wp-content\/uploads\/2019\/07\/German-Street-Photography-Festival-4.jpg\" alt=\"Street Photography Ausstellung German Street Photography Festival 2019\" class=\"wp-image-10808\" srcset=\"https:\/\/streetberlin.net\/wp-content\/uploads\/2019\/07\/German-Street-Photography-Festival-4.jpg 800w, https:\/\/streetberlin.net\/wp-content\/uploads\/2019\/07\/German-Street-Photography-Festival-4-300x255.jpg 300w, https:\/\/streetberlin.net\/wp-content\/uploads\/2019\/07\/German-Street-Photography-Festival-4-768x653.jpg 768w\" sizes=\"(max-width: 800px) 100vw, 800px\" \/><\/figure>\n\n\n\n<h2 class=\"wp-block-heading\">Nachspiel<\/h2>\n\n\n\n<p>Nach dem Festival beginnt der Abbau. Verbl\u00fcffend wie schnell die Ausstellung wieder verschwunden ist. Das Goldbekhaus verwandelt langsam wieder in seinen Originalzustand. Sonntag abends sitze ich ersch\u00f6pft und gl\u00fccklich in einem nat\u00fcrlich versp\u00e4teten ICE nach Berlin. Siegfried und Marco m\u00fcssen da noch ackern. Daf\u00fcr und f\u00fcr viel mehr, danke Jungs!<\/p>\n\n\n\n<h2 class=\"wp-block-heading\">Danke! Danke! Danke!<\/h2>\n\n\n\n<p>Das German Street Photography Festival ist nur m\u00f6glich gewesen, weil uns so viele unterst\u00fctzt haben. <strong>Thomas Ludwig <\/strong>und das <strong>Cosyspeed<\/strong> Team, die uns organisatorisch ganz unglaublich geholfen haben. Das <strong>Soul of Street<\/strong> Team, dass das German Street Photography Festival von ersten Idee an gef\u00f6rdert haben. <strong>Mark Volz<\/strong>, der das wunderbare Logo entworfen hat. <strong>Werner Woska<\/strong> vom Fotomarathon Hamburg, der bei Auf- und Abbau der Ausstellung half. <strong>Stefan Groeneveld<\/strong>, der das Festival auf so wunderbare Weise fotografiert hat.<\/p>\n\n\n\n<p>Danke an die Referentinnen <strong>Pia Parolin<\/strong> und <strong>Birka Widmaie<\/strong>r f\u00fcr die spannenden Vortr\u00e4ge.<\/p>\n\n\n\n<p>Dank an die Juroren und Jurorinnen des Wettbewerbs:  <strong>Wolfgang Zurborn, Giulia Thinnes, Nicole Struppert, Efi Longinou<\/strong> und <strong>Susanne Baumgartner<\/strong> <\/p>\n\n\n\n<p>Dank an die Sponsoren ohne deren Ressourcen gar nichts gegangen w\u00e4re: <strong>Panasonic Lumix, Skylum Luminar, Cosyspeed <\/strong>und <strong>Soul of Street<\/strong>. <\/p>\n\n\n\n<p>Last but not least: Danke an alle, die gekommen sind. Danke an alle, die beim Wettbewerb mitgemacht haben. Und ganz besonders danke an alle, die ich vergessen habe zu erw\u00e4hnen. <\/p>\n\n\n\n<p>Danke auch an die, die \u00fcber das German Street Photography Festival berichtet haben: <\/p>\n\n\n\n<ul class=\"wp-block-list\"><li><strong>Kai Behrmann<\/strong>, <a rel=\"noreferrer noopener\" aria-label=\"Premiere mit viel Applaus (opens in a new tab)\" href=\"https:\/\/gatesieben.de\/podcast\/german-street-photography-festival\/\" target=\"_blank\">Premiere mit viel Applaus<\/a><\/li><li> <strong>Stefan Groeneveld<\/strong>, <a rel=\"noreferrer noopener\" aria-label=\"Erstes German Street Photography Festival\u2028 (opens in a new tab)\" href=\"https:\/\/www.stefangroenveld.de\/2019\/erstes-german-street-photography-festival\/\" target=\"_blank\">Erstes German Street Photography Festival<\/a><\/li><li><strong>Jens Kretschmer<\/strong>, <a rel=\"noreferrer noopener\" aria-label=\"Das German Street Photography Festival in hamburg (opens in a new tab)\" href=\"https:\/\/allesnurlicht.de\/das-german-street-photography-festival-in-hamburg\" target=\"_blank\">Das German Street Photography Festival in Hamburg<\/a><\/li><li><strong>Gerald Prechtl<\/strong>,  <a href=\"https:\/\/xn--nrnbergunposed-gsb.de\/german-streetphotography-festival-2019\/\" target=\"_blank\" rel=\"noreferrer noopener\" aria-label=\" (opens in a new tab)\">Der Anfang ist gemacht<\/a><\/li><\/ul>\n\n\n\n<figure class=\"wp-block-image\"><img loading=\"lazy\" decoding=\"async\" width=\"800\" height=\"680\" src=\"https:\/\/streetberlin.net\/wp-content\/uploads\/2019\/07\/German-Street-Photography-Festival5.jpg\" alt=\"\" class=\"wp-image-10810\" srcset=\"https:\/\/streetberlin.net\/wp-content\/uploads\/2019\/07\/German-Street-Photography-Festival5.jpg 800w, https:\/\/streetberlin.net\/wp-content\/uploads\/2019\/07\/German-Street-Photography-Festival5-300x255.jpg 300w, https:\/\/streetberlin.net\/wp-content\/uploads\/2019\/07\/German-Street-Photography-Festival5-768x653.jpg 768w\" sizes=\"(max-width: 800px) 100vw, 800px\" \/><\/figure>\n\n\n\n<h2 class=\"wp-block-heading\">Fazit: Nach dem Festival ist vor dem Festival<\/h2>\n\n\n\n<p>Symposium, Slam und Ausstellung waren gro\u00dfartig. <strong>Das Beste jedoch waren die Menschen<\/strong>. Viele bekannte Gesichter wieder getroffen und viele neue kennengelernt. Das hat mir unglaublich viel Spa\u00df bereitet. <\/p>\n\n\n\n<p>Ehrlich gesagt, bin ich immer noch ein wenig verbl\u00fcfft, dass wir das hingekriegt haben. Ich war beeindruckt von der guten Stimmung. Das war wie ein Wochenende unter Freunden. Ich denke, das war ein gelungener Auftakt, und ich bin gespannt, wie sich das Festival entwickeln wird. Siegfried, Marco und ich machen uns hierzu schon unsere Gedanken. <\/p>\n\n\n\n<p><strong>Mich interessieren eure Ideen<\/strong> und auch besonders das, was euch diesmal weniger gut gefallen hat oder was ihr euch das n\u00e4chste mal anders w\u00fcnscht.  Schreibt eure Anregungen in die  in die Kommentare !<\/p>\n\n\n\n<h2 class=\"wp-block-heading\">PS Ich habe jetzt ein Soul of Street Abo!<\/h2>\n\n\n\n<p class=\"has-medium-font-size\">Das wollte ich schon 1000x machen und habe es immer rausgeschoben. Jetzt bin ich auch endlich stolzer Soul of Street Abonnent. <\/p>\n\n\n\n<p class=\"has-large-font-size\">Auch ihr k\u00f6nnt und sollt Soul of Street abonnieren und zwar <a rel=\"noreferrer noopener\" aria-label=\"hier (opens in a new tab)\" href=\"https:\/\/soulofstreet.de\/webshop\/product-category\/print-abo\/\" target=\"_blank\"><strong>hier<\/strong><\/a>. <\/p>\n\n\n\n\t\t<div data-elementor-type=\"section\" data-elementor-id=\"2449\" class=\"elementor elementor-2449\" data-elementor-post-type=\"elementor_library\">\n\t\t\t\t\t<section class=\"elementor-section elementor-top-section elementor-element elementor-element-c806aeb elementor-section-content-middle elementor-section-boxed elementor-section-height-default elementor-section-height-default\" data-id=\"c806aeb\" data-element_type=\"section\" data-e-type=\"section\" data-settings=\"{&quot;background_background&quot;:&quot;classic&quot;,&quot;shape_divider_top&quot;:&quot;triangle&quot;}\">\n\t\t\t\t\t<div class=\"elementor-shape elementor-shape-top\" aria-hidden=\"true\" data-negative=\"false\">\n\t\t\t<svg xmlns=\"http:\/\/www.w3.org\/2000\/svg\" viewBox=\"0 0 1000 100\" preserveAspectRatio=\"none\">\n\t<path class=\"elementor-shape-fill\" d=\"M500,98.9L0,6.1V0h1000v6.1L500,98.9z\"\/>\n<\/svg>\t\t<\/div>\n\t\t\t\t\t<div class=\"elementor-container elementor-column-gap-default\">\n\t\t\t\t\t<div class=\"elementor-column elementor-col-50 elementor-top-column elementor-element elementor-element-99983e6\" data-id=\"99983e6\" data-element_type=\"column\" data-e-type=\"column\">\n\t\t\t<div class=\"elementor-widget-wrap elementor-element-populated\">\n\t\t\t\t\t\t<div class=\"elementor-element elementor-element-fd4f782 elementor-widget elementor-widget-image\" data-id=\"fd4f782\" data-element_type=\"widget\" data-e-type=\"widget\" data-widget_type=\"image.default\">\n\t\t\t\t<div class=\"elementor-widget-container\">\n\t\t\t\t\t\t\t\t\t\t\t\t\t\t\t<img loading=\"lazy\" decoding=\"async\" width=\"600\" height=\"600\" src=\"https:\/\/streetberlin.net\/wp-content\/uploads\/2018\/08\/Martin-U-Waltz-03040-5.jpg\" class=\"attachment-large size-large wp-image-9934\" alt=\"Fotograf Berlin Martin U Waltz\" srcset=\"https:\/\/streetberlin.net\/wp-content\/uploads\/2018\/08\/Martin-U-Waltz-03040-5.jpg 600w, https:\/\/streetberlin.net\/wp-content\/uploads\/2018\/08\/Martin-U-Waltz-03040-5-300x300.jpg 300w, https:\/\/streetberlin.net\/wp-content\/uploads\/2018\/08\/Martin-U-Waltz-03040-5-150x150.jpg 150w, https:\/\/streetberlin.net\/wp-content\/uploads\/2018\/08\/Martin-U-Waltz-03040-5-20x20.jpg 20w\" sizes=\"(max-width: 600px) 100vw, 600px\" \/>\t\t\t\t\t\t\t\t\t\t\t\t\t\t\t<\/div>\n\t\t\t\t<\/div>\n\t\t\t\t\t<\/div>\n\t\t<\/div>\n\t\t\t\t<div class=\"elementor-column elementor-col-50 elementor-top-column elementor-element elementor-element-c53abc0\" data-id=\"c53abc0\" data-element_type=\"column\" data-e-type=\"column\">\n\t\t\t<div class=\"elementor-widget-wrap elementor-element-populated\">\n\t\t\t\t\t\t<div class=\"elementor-element elementor-element-682bd3c elementor-widget elementor-widget-text-editor\" data-id=\"682bd3c\" data-element_type=\"widget\" data-e-type=\"widget\" data-widget_type=\"text-editor.default\">\n\t\t\t\t<div class=\"elementor-widget-container\">\n\t\t\t\t\t\t\t\t\t<p><b>Martin U Waltz<\/b> ist Fotograf, Fotografie Lehrer und Autor. Street Photography ist seine Leidenschaft.\u00a0<\/p><p>Er ist Autor und Co-Autor mehrerer B\u00fccher zum Thema Streetfotografie. Martin hat zahlreiche Fotografie-Preise gewonnen und seine Arbeiten werden international ausgestellt.<\/p><p>Martin unterrichtet leidenschaftlich gerne Fotografie. In Berlin bietet er <strong><a href=\"https:\/\/streetberlin.net\/de\/street-photography-workshop-berlin\/#impact\">Street Photography Workshops<\/a><\/strong> und <strong><a href=\"https:\/\/streetberlin.net\/de\/street-photography-workshop-berlin\/#personal\">individuelle Foto Coachings<\/a><\/strong>\u00a0 an.<\/p><p>\u00a0<\/p>\t\t\t\t\t\t\t\t<\/div>\n\t\t\t\t<\/div>\n\t\t\t\t\t<\/div>\n\t\t<\/div>\n\t\t\t\t\t<\/div>\n\t\t<\/section>\n\t\t\t\t<section class=\"elementor-section elementor-top-section elementor-element elementor-element-98c97df elementor-section-boxed elementor-section-height-default elementor-section-height-default\" data-id=\"98c97df\" data-element_type=\"section\" data-e-type=\"section\">\n\t\t\t\t\t\t<div class=\"elementor-container elementor-column-gap-no\">\n\t\t\t\t\t<div class=\"elementor-column elementor-col-100 elementor-top-column elementor-element elementor-element-6357080\" data-id=\"6357080\" data-element_type=\"column\" data-e-type=\"column\">\n\t\t\t<div class=\"elementor-widget-wrap elementor-element-populated\">\n\t\t\t\t\t\t<div class=\"elementor-element elementor-element-b9e0a28 elementor-widget elementor-widget-heading\" data-id=\"b9e0a28\" data-element_type=\"widget\" data-e-type=\"widget\" data-widget_type=\"heading.default\">\n\t\t\t\t<div class=\"elementor-widget-container\">\n\t\t\t\t\t<h4 class=\"elementor-heading-title elementor-size-default\">Berlin entdecken \u2022 Streetfotografie lernen \u2022 Mit Martin U Waltz<\/h4>\t\t\t\t<\/div>\n\t\t\t\t<\/div>\n\t\t\t\t\t<\/div>\n\t\t<\/div>\n\t\t\t\t\t<\/div>\n\t\t<\/section>\n\t\t\t\t<section class=\"elementor-section elementor-top-section elementor-element elementor-element-f07d0e7 elementor-section-boxed elementor-section-height-default elementor-section-height-default\" data-id=\"f07d0e7\" data-element_type=\"section\" data-e-type=\"section\" data-settings=\"{&quot;shape_divider_top&quot;:&quot;triangle&quot;}\">\n\t\t\t\t\t<div class=\"elementor-shape elementor-shape-top\" aria-hidden=\"true\" data-negative=\"false\">\n\t\t\t<svg xmlns=\"http:\/\/www.w3.org\/2000\/svg\" viewBox=\"0 0 1000 100\" preserveAspectRatio=\"none\">\n\t<path class=\"elementor-shape-fill\" d=\"M500,98.9L0,6.1V0h1000v6.1L500,98.9z\"\/>\n<\/svg>\t\t<\/div>\n\t\t\t\t\t<div class=\"elementor-container elementor-column-gap-no\">\n\t\t\t\t\t<div class=\"elementor-column elementor-col-50 elementor-top-column elementor-element elementor-element-5ddc6cf\" data-id=\"5ddc6cf\" data-element_type=\"column\" data-e-type=\"column\">\n\t\t\t<div class=\"elementor-widget-wrap elementor-element-populated\">\n\t\t\t\t\t\t<div class=\"elementor-element elementor-element-93974be elementor-widget elementor-widget-image\" data-id=\"93974be\" data-element_type=\"widget\" data-e-type=\"widget\" data-widget_type=\"image.default\">\n\t\t\t\t<div class=\"elementor-widget-container\">\n\t\t\t\t\t\t\t\t\t\t\t\t\t\t\t<img loading=\"lazy\" decoding=\"async\" width=\"600\" height=\"600\" src=\"https:\/\/streetberlin.net\/wp-content\/uploads\/2018\/08\/Street-Photography-Workshop-berlin-Martin-U-Waltz-9347.jpg\" class=\"attachment-large size-large wp-image-10783\" alt=\"Street Photography Workshop Martin U Waltz\" srcset=\"https:\/\/streetberlin.net\/wp-content\/uploads\/2018\/08\/Street-Photography-Workshop-berlin-Martin-U-Waltz-9347.jpg 600w, https:\/\/streetberlin.net\/wp-content\/uploads\/2018\/08\/Street-Photography-Workshop-berlin-Martin-U-Waltz-9347-150x150.jpg 150w, https:\/\/streetberlin.net\/wp-content\/uploads\/2018\/08\/Street-Photography-Workshop-berlin-Martin-U-Waltz-9347-300x300.jpg 300w\" sizes=\"(max-width: 600px) 100vw, 600px\" \/>\t\t\t\t\t\t\t\t\t\t\t\t\t\t\t<\/div>\n\t\t\t\t<\/div>\n\t\t\t\t\t<\/div>\n\t\t<\/div>\n\t\t\t\t<div class=\"elementor-column elementor-col-50 elementor-top-column elementor-element elementor-element-91ce657\" data-id=\"91ce657\" data-element_type=\"column\" data-e-type=\"column\">\n\t\t\t<div class=\"elementor-widget-wrap elementor-element-populated\">\n\t\t\t\t\t\t<div class=\"elementor-element elementor-element-d2eb174 elementor-widget elementor-widget-heading\" data-id=\"d2eb174\" data-element_type=\"widget\" data-e-type=\"widget\" data-widget_type=\"heading.default\">\n\t\t\t\t<div class=\"elementor-widget-container\">\n\t\t\t\t\t<h4 class=\"elementor-heading-title elementor-size-default\">Der pers\u00f6nliche Fotoworkshop<\/h4>\t\t\t\t<\/div>\n\t\t\t\t<\/div>\n\t\t\t\t<div class=\"elementor-element elementor-element-1c2e099 elementor-widget elementor-widget-text-editor\" data-id=\"1c2e099\" data-element_type=\"widget\" data-e-type=\"widget\" data-widget_type=\"text-editor.default\">\n\t\t\t\t<div class=\"elementor-widget-container\">\n\t\t\t\t\t\t\t\t\t<p>Dein pers\u00f6nlicher Fotoworkshop oder Fototour in Berlin. 100% auf deine W\u00fcnsche und Bed\u00fcrfnisse ausgerichtet. Ich biete pers\u00f6nliche Fotoworkshops deutscher, englischer und franz\u00f6sischer Sprache an.\u200b<\/p>\t\t\t\t\t\t\t\t<\/div>\n\t\t\t\t<\/div>\n\t\t\t\t<div class=\"elementor-element elementor-element-40d0a7d elementor-align-center elementor-mobile-align-justify elementor-widget elementor-widget-button\" data-id=\"40d0a7d\" data-element_type=\"widget\" data-e-type=\"widget\" data-widget_type=\"button.default\">\n\t\t\t\t<div class=\"elementor-widget-container\">\n\t\t\t\t\t\t\t\t\t<div class=\"elementor-button-wrapper\">\n\t\t\t\t\t<a class=\"elementor-button elementor-button-link elementor-size-md\" href=\"https:\/\/streetberlin.net\/street-photography-workshop-berlin\/#personal\" target=\"_blank\">\n\t\t\t\t\t\t<span class=\"elementor-button-content-wrapper\">\n\t\t\t\t\t\t\t\t\t<span class=\"elementor-button-text\"><i class=\"fas fa-arrow-right\"><\/i> Der pers\u00f6nliche Fotoworkshop<\/span>\n\t\t\t\t\t<\/span>\n\t\t\t\t\t<\/a>\n\t\t\t\t<\/div>\n\t\t\t\t\t\t\t\t<\/div>\n\t\t\t\t<\/div>\n\t\t\t\t\t<\/div>\n\t\t<\/div>\n\t\t\t\t\t<\/div>\n\t\t<\/section>\n\t\t\t\t<section class=\"elementor-section elementor-top-section elementor-element elementor-element-0cd0908 elementor-section-boxed elementor-section-height-default elementor-section-height-default\" data-id=\"0cd0908\" data-element_type=\"section\" data-e-type=\"section\" data-settings=\"{&quot;shape_divider_top&quot;:&quot;triangle&quot;}\">\n\t\t\t\t\t<div class=\"elementor-shape elementor-shape-top\" aria-hidden=\"true\" data-negative=\"false\">\n\t\t\t<svg xmlns=\"http:\/\/www.w3.org\/2000\/svg\" viewBox=\"0 0 1000 100\" preserveAspectRatio=\"none\">\n\t<path class=\"elementor-shape-fill\" d=\"M500,98.9L0,6.1V0h1000v6.1L500,98.9z\"\/>\n<\/svg>\t\t<\/div>\n\t\t\t\t\t<div class=\"elementor-container elementor-column-gap-no\">\n\t\t\t\t\t<div class=\"elementor-column elementor-col-100 elementor-top-column elementor-element elementor-element-def4c24\" data-id=\"def4c24\" data-element_type=\"column\" data-e-type=\"column\">\n\t\t\t<div class=\"elementor-widget-wrap elementor-element-populated\">\n\t\t\t\t\t\t<div class=\"elementor-element elementor-element-8f9538b elementor-widget elementor-widget-heading\" data-id=\"8f9538b\" data-element_type=\"widget\" data-e-type=\"widget\" data-widget_type=\"heading.default\">\n\t\t\t\t<div class=\"elementor-widget-container\">\n\t\t\t\t\t<h4 class=\"elementor-heading-title elementor-size-default\"><a href=\"https:\/\/streetberlin.net\/de\/strassenfotografie-blog\/\"><i class=\"fas fa-arrow-alt-circle-right\"><\/i> Das Street Photography Blog<\/a><\/h4>\t\t\t\t<\/div>\n\t\t\t\t<\/div>\n\t\t\t\t<div class=\"elementor-element elementor-element-f2ef494 elementor-grid-2 elementor-grid-tablet-2 elementor-grid-mobile-1 elementor-posts--thumbnail-top elementor-widget elementor-widget-posts\" data-id=\"f2ef494\" data-element_type=\"widget\" data-e-type=\"widget\" data-settings=\"{&quot;classic_columns&quot;:&quot;2&quot;,&quot;classic_columns_tablet&quot;:&quot;2&quot;,&quot;classic_columns_mobile&quot;:&quot;1&quot;,&quot;classic_row_gap&quot;:{&quot;unit&quot;:&quot;px&quot;,&quot;size&quot;:35,&quot;sizes&quot;:[]},&quot;classic_row_gap_tablet&quot;:{&quot;unit&quot;:&quot;px&quot;,&quot;size&quot;:&quot;&quot;,&quot;sizes&quot;:[]},&quot;classic_row_gap_mobile&quot;:{&quot;unit&quot;:&quot;px&quot;,&quot;size&quot;:&quot;&quot;,&quot;sizes&quot;:[]}}\" data-widget_type=\"posts.classic\">\n\t\t\t\t<div class=\"elementor-widget-container\">\n\t\t\t\t\t\t\t<div class=\"elementor-posts-container elementor-posts elementor-posts--skin-classic elementor-grid\" role=\"list\">\n\t\t\t\t<article class=\"elementor-post elementor-grid-item post-13997 post type-post status-publish format-standard has-post-thumbnail hentry category-foto-talk infinite-scroll-item generate-columns tablet-grid-50 mobile-grid-100 grid-parent grid-50 no-featured-image-padding\" role=\"listitem\">\n\t\t\t\t<a class=\"elementor-post__thumbnail__link\" href=\"https:\/\/streetberlin.net\/de\/wordpress-website-photography\/\" tabindex=\"-1\" >\n\t\t\t<div class=\"elementor-post__thumbnail\"><img loading=\"lazy\" decoding=\"async\" width=\"768\" height=\"512\" src=\"https:\/\/streetberlin.net\/wp-content\/uploads\/2020\/02\/Martin-U-Waltz-street-photography-germany-1-5-768x512.jpg\" class=\"attachment-medium_large size-medium_large wp-image-13796\" alt=\"wordPress Website Photography Martin U Waltz\" srcset=\"https:\/\/streetberlin.net\/wp-content\/uploads\/2020\/02\/Martin-U-Waltz-street-photography-germany-1-5-768x512.jpg 768w, https:\/\/streetberlin.net\/wp-content\/uploads\/2020\/02\/Martin-U-Waltz-street-photography-germany-1-5-300x200.jpg 300w, https:\/\/streetberlin.net\/wp-content\/uploads\/2020\/02\/Martin-U-Waltz-street-photography-germany-1-5-1024x682.jpg 1024w, https:\/\/streetberlin.net\/wp-content\/uploads\/2020\/02\/Martin-U-Waltz-street-photography-germany-1-5-1536x1024.jpg 1536w, https:\/\/streetberlin.net\/wp-content\/uploads\/2020\/02\/Martin-U-Waltz-street-photography-germany-1-5.jpg 2000w\" sizes=\"(max-width: 768px) 100vw, 768px\" \/><\/div>\n\t\t<\/a>\n\t\t\t\t<div class=\"elementor-post__text\">\n\t\t\t\t<h4 class=\"elementor-post__title\">\n\t\t\t<a href=\"https:\/\/streetberlin.net\/de\/wordpress-website-photography\/\" >\n\t\t\t\tDeine Fotografie Webseite mit WordPress erstellen\t\t\t<\/a>\n\t\t<\/h4>\n\t\t\t\t<div class=\"elementor-post__meta-data\">\n\t\t\t\t\t<span class=\"elementor-post-date\">\n\t\t\t21. Februar 2020\t\t<\/span>\n\t\t\t\t<\/div>\n\t\t\n\t\t<a class=\"elementor-post__read-more\" href=\"https:\/\/streetberlin.net\/de\/wordpress-website-photography\/\" aria-label=\"Mehr \u00fcber Deine Fotografie Webseite mit WordPress erstellen\" tabindex=\"-1\" >\n\t\t\t&gt;&gt; Weiter Lesen\t\t<\/a>\n\n\t\t\t\t<\/div>\n\t\t\t\t<\/article>\n\t\t\t\t<article class=\"elementor-post elementor-grid-item post-13338 post type-post status-publish format-standard has-post-thumbnail hentry category-foto-talk infinite-scroll-item generate-columns tablet-grid-50 mobile-grid-100 grid-parent grid-50 no-featured-image-padding\" role=\"listitem\">\n\t\t\t\t<a class=\"elementor-post__thumbnail__link\" href=\"https:\/\/streetberlin.net\/de\/tips-better-photography-website\/\" tabindex=\"-1\" >\n\t\t\t<div class=\"elementor-post__thumbnail\"><img loading=\"lazy\" decoding=\"async\" width=\"768\" height=\"512\" src=\"https:\/\/streetberlin.net\/wp-content\/uploads\/2019\/08\/Martin-U-Waltz-street-photography-germany-1-1-768x512.jpg\" class=\"attachment-medium_large size-medium_large wp-image-12052\" alt=\"photography website mws\" srcset=\"https:\/\/streetberlin.net\/wp-content\/uploads\/2019\/08\/Martin-U-Waltz-street-photography-germany-1-1-768x512.jpg 768w, https:\/\/streetberlin.net\/wp-content\/uploads\/2019\/08\/Martin-U-Waltz-street-photography-germany-1-1-300x200.jpg 300w, https:\/\/streetberlin.net\/wp-content\/uploads\/2019\/08\/Martin-U-Waltz-street-photography-germany-1-1-1024x682.jpg 1024w, https:\/\/streetberlin.net\/wp-content\/uploads\/2019\/08\/Martin-U-Waltz-street-photography-germany-1-1.jpg 2000w\" sizes=\"(max-width: 768px) 100vw, 768px\" \/><\/div>\n\t\t<\/a>\n\t\t\t\t<div class=\"elementor-post__text\">\n\t\t\t\t<h4 class=\"elementor-post__title\">\n\t\t\t<a href=\"https:\/\/streetberlin.net\/de\/tips-better-photography-website\/\" >\n\t\t\t\t15 Tipps f\u00fcr eine bessere Fotografie Webseite\t\t\t<\/a>\n\t\t<\/h4>\n\t\t\t\t<div class=\"elementor-post__meta-data\">\n\t\t\t\t\t<span class=\"elementor-post-date\">\n\t\t\t15. Januar 2020\t\t<\/span>\n\t\t\t\t<\/div>\n\t\t\n\t\t<a class=\"elementor-post__read-more\" href=\"https:\/\/streetberlin.net\/de\/tips-better-photography-website\/\" aria-label=\"Mehr \u00fcber 15 Tipps f\u00fcr eine bessere Fotografie Webseite\" tabindex=\"-1\" >\n\t\t\t&gt;&gt; Weiter Lesen\t\t<\/a>\n\n\t\t\t\t<\/div>\n\t\t\t\t<\/article>\n\t\t\t\t<article class=\"elementor-post elementor-grid-item post-13181 post type-post status-publish format-standard has-post-thumbnail hentry category-foto-talk infinite-scroll-item generate-columns tablet-grid-50 mobile-grid-100 grid-parent grid-50 no-featured-image-padding\" role=\"listitem\">\n\t\t\t\t<a class=\"elementor-post__thumbnail__link\" href=\"https:\/\/streetberlin.net\/de\/2019-a-year-in-review\/\" tabindex=\"-1\" >\n\t\t\t<div class=\"elementor-post__thumbnail\"><img loading=\"lazy\" decoding=\"async\" width=\"768\" height=\"512\" src=\"https:\/\/streetberlin.net\/wp-content\/uploads\/2019\/12\/Martin-U-Waltz-street-photography-germany-1-768x512.jpg\" class=\"attachment-medium_large size-medium_large wp-image-13159\" alt=\"nice France promenades des anglais Martin U Waltz\" srcset=\"https:\/\/streetberlin.net\/wp-content\/uploads\/2019\/12\/Martin-U-Waltz-street-photography-germany-1-768x512.jpg 768w, https:\/\/streetberlin.net\/wp-content\/uploads\/2019\/12\/Martin-U-Waltz-street-photography-germany-1-300x200.jpg 300w, https:\/\/streetberlin.net\/wp-content\/uploads\/2019\/12\/Martin-U-Waltz-street-photography-germany-1-1024x682.jpg 1024w, https:\/\/streetberlin.net\/wp-content\/uploads\/2019\/12\/Martin-U-Waltz-street-photography-germany-1-1536x1024.jpg 1536w, https:\/\/streetberlin.net\/wp-content\/uploads\/2019\/12\/Martin-U-Waltz-street-photography-germany-1.jpg 2000w\" sizes=\"(max-width: 768px) 100vw, 768px\" \/><\/div>\n\t\t<\/a>\n\t\t\t\t<div class=\"elementor-post__text\">\n\t\t\t\t<h4 class=\"elementor-post__title\">\n\t\t\t<a href=\"https:\/\/streetberlin.net\/de\/2019-a-year-in-review\/\" >\n\t\t\t\t2019 &#8211; ein Jahr im R\u00fcckblick\t\t\t<\/a>\n\t\t<\/h4>\n\t\t\t\t<div class=\"elementor-post__meta-data\">\n\t\t\t\t\t<span class=\"elementor-post-date\">\n\t\t\t31. Dezember 2019\t\t<\/span>\n\t\t\t\t<\/div>\n\t\t\n\t\t<a class=\"elementor-post__read-more\" href=\"https:\/\/streetberlin.net\/de\/2019-a-year-in-review\/\" aria-label=\"Mehr \u00fcber 2019 &#8211; ein Jahr im R\u00fcckblick\" tabindex=\"-1\" >\n\t\t\t&gt;&gt; Weiter Lesen\t\t<\/a>\n\n\t\t\t\t<\/div>\n\t\t\t\t<\/article>\n\t\t\t\t<article class=\"elementor-post elementor-grid-item post-3414 post type-post status-publish format-standard has-post-thumbnail hentry category-berlin-fotografie category-foto-essays infinite-scroll-item generate-columns tablet-grid-50 mobile-grid-100 grid-parent grid-50 no-featured-image-padding\" role=\"listitem\">\n\t\t\t\t<a class=\"elementor-post__thumbnail__link\" href=\"https:\/\/streetberlin.net\/de\/berlin-mauerpark-schaukel\/\" tabindex=\"-1\" >\n\t\t\t<div class=\"elementor-post__thumbnail\"><img loading=\"lazy\" decoding=\"async\" width=\"768\" height=\"509\" src=\"https:\/\/streetberlin.net\/wp-content\/uploads\/2017\/03\/Cover-Berlin-Photography-Mauerpark-Swing-Martin-U-Waltz1-768x509.jpg\" class=\"attachment-medium_large size-medium_large wp-image-12113\" alt=\"berlin Photography Mauerpark Martin U Waltz\" srcset=\"https:\/\/streetberlin.net\/wp-content\/uploads\/2017\/03\/Cover-Berlin-Photography-Mauerpark-Swing-Martin-U-Waltz1-768x509.jpg 768w, https:\/\/streetberlin.net\/wp-content\/uploads\/2017\/03\/Cover-Berlin-Photography-Mauerpark-Swing-Martin-U-Waltz1-300x199.jpg 300w, https:\/\/streetberlin.net\/wp-content\/uploads\/2017\/03\/Cover-Berlin-Photography-Mauerpark-Swing-Martin-U-Waltz1-1024x678.jpg 1024w, https:\/\/streetberlin.net\/wp-content\/uploads\/2017\/03\/Cover-Berlin-Photography-Mauerpark-Swing-Martin-U-Waltz1-1536x1018.jpg 1536w, https:\/\/streetberlin.net\/wp-content\/uploads\/2017\/03\/Cover-Berlin-Photography-Mauerpark-Swing-Martin-U-Waltz1-20x13.jpg 20w, https:\/\/streetberlin.net\/wp-content\/uploads\/2017\/03\/Cover-Berlin-Photography-Mauerpark-Swing-Martin-U-Waltz1.jpg 2000w\" sizes=\"(max-width: 768px) 100vw, 768px\" \/><\/div>\n\t\t<\/a>\n\t\t\t\t<div class=\"elementor-post__text\">\n\t\t\t\t<h4 class=\"elementor-post__title\">\n\t\t\t<a href=\"https:\/\/streetberlin.net\/de\/berlin-mauerpark-schaukel\/\" >\n\t\t\t\tBerlin Fotografie: Die Schaukeln am Mauerpark\t\t\t<\/a>\n\t\t<\/h4>\n\t\t\t\t<div class=\"elementor-post__meta-data\">\n\t\t\t\t\t<span class=\"elementor-post-date\">\n\t\t\t31. August 2019\t\t<\/span>\n\t\t\t\t<\/div>\n\t\t\n\t\t<a class=\"elementor-post__read-more\" href=\"https:\/\/streetberlin.net\/de\/berlin-mauerpark-schaukel\/\" aria-label=\"Mehr \u00fcber Berlin Fotografie: Die Schaukeln am Mauerpark\" tabindex=\"-1\" >\n\t\t\t&gt;&gt; Weiter Lesen\t\t<\/a>\n\n\t\t\t\t<\/div>\n\t\t\t\t<\/article>\n\t\t\t\t<article class=\"elementor-post elementor-grid-item post-11630 post type-post status-publish format-standard has-post-thumbnail hentry category-meer category-foto-essays infinite-scroll-item generate-columns tablet-grid-50 mobile-grid-100 grid-parent grid-50 no-featured-image-padding\" role=\"listitem\">\n\t\t\t\t<a class=\"elementor-post__thumbnail__link\" href=\"https:\/\/streetberlin.net\/de\/24-hours-beach\/\" tabindex=\"-1\" >\n\t\t\t<div class=\"elementor-post__thumbnail\"><img loading=\"lazy\" decoding=\"async\" width=\"768\" height=\"512\" src=\"https:\/\/streetberlin.net\/wp-content\/uploads\/2019\/08\/cover-24-hours-at-the-beach-Martin-U-Waltz8-768x512.jpg\" class=\"attachment-medium_large size-medium_large wp-image-11560\" alt=\"24 hours at the beach Martin U Waltz\" srcset=\"https:\/\/streetberlin.net\/wp-content\/uploads\/2019\/08\/cover-24-hours-at-the-beach-Martin-U-Waltz8-768x512.jpg 768w, https:\/\/streetberlin.net\/wp-content\/uploads\/2019\/08\/cover-24-hours-at-the-beach-Martin-U-Waltz8-300x200.jpg 300w, https:\/\/streetberlin.net\/wp-content\/uploads\/2019\/08\/cover-24-hours-at-the-beach-Martin-U-Waltz8-1024x682.jpg 1024w, https:\/\/streetberlin.net\/wp-content\/uploads\/2019\/08\/cover-24-hours-at-the-beach-Martin-U-Waltz8-1536x1024.jpg 1536w, https:\/\/streetberlin.net\/wp-content\/uploads\/2019\/08\/cover-24-hours-at-the-beach-Martin-U-Waltz8-20x13.jpg 20w, https:\/\/streetberlin.net\/wp-content\/uploads\/2019\/08\/cover-24-hours-at-the-beach-Martin-U-Waltz8.jpg 2000w\" sizes=\"(max-width: 768px) 100vw, 768px\" \/><\/div>\n\t\t<\/a>\n\t\t\t\t<div class=\"elementor-post__text\">\n\t\t\t\t<h4 class=\"elementor-post__title\">\n\t\t\t<a href=\"https:\/\/streetberlin.net\/de\/24-hours-beach\/\" >\n\t\t\t\t24 Stunden Strand. Ein Foto Essay\t\t\t<\/a>\n\t\t<\/h4>\n\t\t\t\t<div class=\"elementor-post__meta-data\">\n\t\t\t\t\t<span class=\"elementor-post-date\">\n\t\t\t8. August 2019\t\t<\/span>\n\t\t\t\t<\/div>\n\t\t\n\t\t<a class=\"elementor-post__read-more\" href=\"https:\/\/streetberlin.net\/de\/24-hours-beach\/\" aria-label=\"Mehr \u00fcber 24 Stunden Strand. Ein Foto Essay\" tabindex=\"-1\" >\n\t\t\t&gt;&gt; Weiter Lesen\t\t<\/a>\n\n\t\t\t\t<\/div>\n\t\t\t\t<\/article>\n\t\t\t\t<article class=\"elementor-post elementor-grid-item post-3215 post type-post status-publish format-standard has-post-thumbnail hentry category-streetfotografie infinite-scroll-item generate-columns tablet-grid-50 mobile-grid-100 grid-parent grid-50 no-featured-image-padding\" role=\"listitem\">\n\t\t\t\t<a class=\"elementor-post__thumbnail__link\" href=\"https:\/\/streetberlin.net\/de\/strassenfotografie-regen\/\" tabindex=\"-1\" >\n\t\t\t<div class=\"elementor-post__thumbnail\"><img loading=\"lazy\" decoding=\"async\" width=\"768\" height=\"512\" src=\"https:\/\/streetberlin.net\/wp-content\/uploads\/2019\/07\/Martin-U-Waltz-street-photography-germany-1-2-768x512.jpg\" class=\"attachment-medium_large size-medium_large wp-image-11370\" alt=\"Street Photography Regenaltz\" srcset=\"https:\/\/streetberlin.net\/wp-content\/uploads\/2019\/07\/Martin-U-Waltz-street-photography-germany-1-2-768x512.jpg 768w, https:\/\/streetberlin.net\/wp-content\/uploads\/2019\/07\/Martin-U-Waltz-street-photography-germany-1-2-300x200.jpg 300w, https:\/\/streetberlin.net\/wp-content\/uploads\/2019\/07\/Martin-U-Waltz-street-photography-germany-1-2-1024x683.jpg 1024w, https:\/\/streetberlin.net\/wp-content\/uploads\/2019\/07\/Martin-U-Waltz-street-photography-germany-1-2.jpg 1999w\" sizes=\"(max-width: 768px) 100vw, 768px\" \/><\/div>\n\t\t<\/a>\n\t\t\t\t<div class=\"elementor-post__text\">\n\t\t\t\t<h4 class=\"elementor-post__title\">\n\t\t\t<a href=\"https:\/\/streetberlin.net\/de\/strassenfotografie-regen\/\" >\n\t\t\t\tStreetfotografie und Regen: 3 einfache Tipps\t\t\t<\/a>\n\t\t<\/h4>\n\t\t\t\t<div class=\"elementor-post__meta-data\">\n\t\t\t\t\t<span class=\"elementor-post-date\">\n\t\t\t31. Juli 2019\t\t<\/span>\n\t\t\t\t<\/div>\n\t\t\n\t\t<a class=\"elementor-post__read-more\" href=\"https:\/\/streetberlin.net\/de\/strassenfotografie-regen\/\" aria-label=\"Mehr \u00fcber Streetfotografie und Regen: 3 einfache Tipps\" tabindex=\"-1\" >\n\t\t\t&gt;&gt; Weiter Lesen\t\t<\/a>\n\n\t\t\t\t<\/div>\n\t\t\t\t<\/article>\n\t\t\t\t<\/div>\n\t\t\n\t\t\t\t\t\t<\/div>\n\t\t\t\t<\/div>\n\t\t\t\t\t<\/div>\n\t\t<\/div>\n\t\t\t\t\t<\/div>\n\t\t<\/section>\n\t\t\t\t<\/div>\n\t\t\n","protected":false},"excerpt":{"rendered":"","protected":false},"author":2,"featured_media":10831,"comment_status":"open","ping_status":"closed","sticky":false,"template":"","format":"standard","meta":{"_acf_changed":false,"generate_page_header":"","footnotes":""},"categories":[49,5],"tags":[],"class_list":["post-10714","post","type-post","status-publish","format-standard","has-post-thumbnail","hentry","category-foto-talk","category-streetfotografie","infinite-scroll-item","generate-columns","tablet-grid-50","mobile-grid-100","grid-parent","grid-50","no-featured-image-padding"],"acf":[],"yoast_head":"<!-- This site is optimized with the Yoast SEO plugin v27.5 - https:\/\/yoast.com\/product\/yoast-seo-wordpress\/ -->\n<title>Das German Street Photography Festival - Die Inside Story &#8226; Martin U Waltz<\/title>\n<meta name=\"description\" content=\"Ein Erfahrungsbericht und Blick hinter die Kulissen des 1. German Street Photography Festivals im Juni 2019 von Martin U Waltz\" \/>\n<meta name=\"robots\" content=\"index, follow, max-snippet:-1, max-image-preview:large, max-video-preview:-1\" \/>\n<link rel=\"canonical\" href=\"https:\/\/streetberlin.net\/de\/das-german-street-photography-festival\/\" \/>\n<meta property=\"og:locale\" content=\"de_DE\" \/>\n<meta property=\"og:type\" content=\"article\" \/>\n<meta property=\"og:title\" content=\"Das German Street Photography Festival - Die Inside Story &#8226; Martin U Waltz\" \/>\n<meta property=\"og:description\" content=\"Ein Erfahrungsbericht und Blick hinter die Kulissen des 1. German Street Photography Festivals im Juni 2019 von Martin U Waltz\" \/>\n<meta property=\"og:url\" content=\"https:\/\/streetberlin.net\/de\/das-german-street-photography-festival\/\" \/>\n<meta property=\"og:site_name\" content=\"Martin U Waltz\" \/>\n<meta property=\"article:publisher\" content=\"https:\/\/www.facebook.com\/martinuwaltz\" \/>\n<meta property=\"article:author\" content=\"https:\/\/www.facebook.com\/martinuwaltz\" \/>\n<meta property=\"article:published_time\" content=\"2019-07-03T10:26:15+00:00\" \/>\n<meta property=\"article:modified_time\" content=\"2020-01-23T14:58:08+00:00\" \/>\n<meta property=\"og:image\" content=\"https:\/\/streetberlin.net\/wp-content\/uploads\/2019\/07\/martin-waltz-street-photography-berlin1.jpg\" \/>\n\t<meta property=\"og:image:width\" content=\"1300\" \/>\n\t<meta property=\"og:image:height\" content=\"1040\" \/>\n\t<meta property=\"og:image:type\" content=\"image\/jpeg\" \/>\n<meta name=\"author\" content=\"Martin U Waltz\" \/>\n<meta name=\"twitter:card\" content=\"summary_large_image\" \/>\n<meta name=\"twitter:image\" content=\"https:\/\/streetberlin.net\/wp-content\/uploads\/2019\/07\/martin-waltz-street-photography-berlin1.jpg\" \/>\n<meta name=\"twitter:creator\" content=\"@martinuwaltz\" \/>\n<meta name=\"twitter:site\" content=\"@martinuwaltz\" \/>\n<meta name=\"twitter:label1\" content=\"Verfasst von\" \/>\n\t<meta name=\"twitter:data1\" content=\"Martin U Waltz\" \/>\n\t<meta name=\"twitter:label2\" content=\"Gesch\u00e4tzte Lesezeit\" \/>\n\t<meta name=\"twitter:data2\" content=\"9\u00a0Minuten\" \/>\n<script type=\"application\/ld+json\" class=\"yoast-schema-graph\">{\"@context\":\"https:\\\/\\\/schema.org\",\"@graph\":[{\"@type\":\"Article\",\"@id\":\"https:\\\/\\\/streetberlin.net\\\/de\\\/das-german-street-photography-festival\\\/#article\",\"isPartOf\":{\"@id\":\"https:\\\/\\\/streetberlin.net\\\/de\\\/das-german-street-photography-festival\\\/\"},\"author\":{\"name\":\"Martin U Waltz\",\"@id\":\"https:\\\/\\\/streetberlin.net\\\/#\\\/schema\\\/person\\\/d45a81c744961c5cae7f3ec79174fd23\"},\"headline\":\"Das German Street Photography Festival &#8211; Die Inside Story\",\"datePublished\":\"2019-07-03T10:26:15+00:00\",\"dateModified\":\"2020-01-23T14:58:08+00:00\",\"mainEntityOfPage\":{\"@id\":\"https:\\\/\\\/streetberlin.net\\\/de\\\/das-german-street-photography-festival\\\/\"},\"wordCount\":1732,\"commentCount\":2,\"publisher\":{\"@id\":\"https:\\\/\\\/streetberlin.net\\\/#\\\/schema\\\/person\\\/d45a81c744961c5cae7f3ec79174fd23\"},\"image\":{\"@id\":\"https:\\\/\\\/streetberlin.net\\\/de\\\/das-german-street-photography-festival\\\/#primaryimage\"},\"thumbnailUrl\":\"https:\\\/\\\/streetberlin.net\\\/wp-content\\\/uploads\\\/2019\\\/07\\\/German_Street_Photography_Festival.jpg\",\"articleSection\":[\"Foto Talk\",\"Streetfotografie\"],\"inLanguage\":\"de\",\"potentialAction\":[{\"@type\":\"CommentAction\",\"name\":\"Comment\",\"target\":[\"https:\\\/\\\/streetberlin.net\\\/de\\\/das-german-street-photography-festival\\\/#respond\"]}]},{\"@type\":\"WebPage\",\"@id\":\"https:\\\/\\\/streetberlin.net\\\/de\\\/das-german-street-photography-festival\\\/\",\"url\":\"https:\\\/\\\/streetberlin.net\\\/de\\\/das-german-street-photography-festival\\\/\",\"name\":\"Das German Street Photography Festival - Die Inside Story &#8226; Martin U Waltz\",\"isPartOf\":{\"@id\":\"https:\\\/\\\/streetberlin.net\\\/#website\"},\"primaryImageOfPage\":{\"@id\":\"https:\\\/\\\/streetberlin.net\\\/de\\\/das-german-street-photography-festival\\\/#primaryimage\"},\"image\":{\"@id\":\"https:\\\/\\\/streetberlin.net\\\/de\\\/das-german-street-photography-festival\\\/#primaryimage\"},\"thumbnailUrl\":\"https:\\\/\\\/streetberlin.net\\\/wp-content\\\/uploads\\\/2019\\\/07\\\/German_Street_Photography_Festival.jpg\",\"datePublished\":\"2019-07-03T10:26:15+00:00\",\"dateModified\":\"2020-01-23T14:58:08+00:00\",\"description\":\"Ein Erfahrungsbericht und Blick hinter die Kulissen des 1. German Street Photography Festivals im Juni 2019 von Martin U Waltz\",\"breadcrumb\":{\"@id\":\"https:\\\/\\\/streetberlin.net\\\/de\\\/das-german-street-photography-festival\\\/#breadcrumb\"},\"inLanguage\":\"de\",\"potentialAction\":[{\"@type\":\"ReadAction\",\"target\":[\"https:\\\/\\\/streetberlin.net\\\/de\\\/das-german-street-photography-festival\\\/\"]}]},{\"@type\":\"ImageObject\",\"inLanguage\":\"de\",\"@id\":\"https:\\\/\\\/streetberlin.net\\\/de\\\/das-german-street-photography-festival\\\/#primaryimage\",\"url\":\"https:\\\/\\\/streetberlin.net\\\/wp-content\\\/uploads\\\/2019\\\/07\\\/German_Street_Photography_Festival.jpg\",\"contentUrl\":\"https:\\\/\\\/streetberlin.net\\\/wp-content\\\/uploads\\\/2019\\\/07\\\/German_Street_Photography_Festival.jpg\",\"width\":1999,\"height\":1333,\"caption\":\"German Street Photography Festival hamburg Martin U Waltz\"},{\"@type\":\"BreadcrumbList\",\"@id\":\"https:\\\/\\\/streetberlin.net\\\/de\\\/das-german-street-photography-festival\\\/#breadcrumb\",\"itemListElement\":[{\"@type\":\"ListItem\",\"position\":1,\"name\":\"Home\",\"item\":\"https:\\\/\\\/streetberlin.net\\\/de\\\/start_en\\\/\"},{\"@type\":\"ListItem\",\"position\":2,\"name\":\"Das German Street Photography Festival &#8211; Die Inside Story\"}]},{\"@type\":\"WebSite\",\"@id\":\"https:\\\/\\\/streetberlin.net\\\/#website\",\"url\":\"https:\\\/\\\/streetberlin.net\\\/\",\"name\":\"Martin U Waltz\",\"description\":\"Street Fotografie Berlin\",\"publisher\":{\"@id\":\"https:\\\/\\\/streetberlin.net\\\/#\\\/schema\\\/person\\\/d45a81c744961c5cae7f3ec79174fd23\"},\"potentialAction\":[{\"@type\":\"SearchAction\",\"target\":{\"@type\":\"EntryPoint\",\"urlTemplate\":\"https:\\\/\\\/streetberlin.net\\\/?s={search_term_string}\"},\"query-input\":{\"@type\":\"PropertyValueSpecification\",\"valueRequired\":true,\"valueName\":\"search_term_string\"}}],\"inLanguage\":\"de\"},{\"@type\":[\"Person\",\"Organization\"],\"@id\":\"https:\\\/\\\/streetberlin.net\\\/#\\\/schema\\\/person\\\/d45a81c744961c5cae7f3ec79174fd23\",\"name\":\"Martin U Waltz\",\"image\":{\"@type\":\"ImageObject\",\"inLanguage\":\"de\",\"@id\":\"https:\\\/\\\/streetberlin.net\\\/wp-content\\\/uploads\\\/2019\\\/01\\\/Martin-U-Waltz-2.jpg\",\"url\":\"https:\\\/\\\/streetberlin.net\\\/wp-content\\\/uploads\\\/2019\\\/01\\\/Martin-U-Waltz-2.jpg\",\"contentUrl\":\"https:\\\/\\\/streetberlin.net\\\/wp-content\\\/uploads\\\/2019\\\/01\\\/Martin-U-Waltz-2.jpg\",\"width\":600,\"height\":300,\"caption\":\"Martin U Waltz\"},\"logo\":{\"@id\":\"https:\\\/\\\/streetberlin.net\\\/wp-content\\\/uploads\\\/2019\\\/01\\\/Martin-U-Waltz-2.jpg\"},\"description\":\"Photographer \u2022 Writer \u2022 Educator\",\"sameAs\":[\"https:\\\/\\\/streetberlin.net\\\/\",\"https:\\\/\\\/www.facebook.com\\\/martinuwaltz\",\"https:\\\/\\\/www.instagram.com\\\/martinuwaltz\\\/\",\"https:\\\/\\\/x.com\\\/martinuwaltz\"]}]}<\/script>\n<!-- \/ Yoast SEO plugin. -->","yoast_head_json":{"title":"Das German Street Photography Festival - Die Inside Story &#8226; Martin U Waltz","description":"Ein Erfahrungsbericht und Blick hinter die Kulissen des 1. German Street Photography Festivals im Juni 2019 von Martin U Waltz","robots":{"index":"index","follow":"follow","max-snippet":"max-snippet:-1","max-image-preview":"max-image-preview:large","max-video-preview":"max-video-preview:-1"},"canonical":"https:\/\/streetberlin.net\/de\/das-german-street-photography-festival\/","og_locale":"de_DE","og_type":"article","og_title":"Das German Street Photography Festival - Die Inside Story &#8226; Martin U Waltz","og_description":"Ein Erfahrungsbericht und Blick hinter die Kulissen des 1. German Street Photography Festivals im Juni 2019 von Martin U Waltz","og_url":"https:\/\/streetberlin.net\/de\/das-german-street-photography-festival\/","og_site_name":"Martin U Waltz","article_publisher":"https:\/\/www.facebook.com\/martinuwaltz","article_author":"https:\/\/www.facebook.com\/martinuwaltz","article_published_time":"2019-07-03T10:26:15+00:00","article_modified_time":"2020-01-23T14:58:08+00:00","og_image":[{"width":1300,"height":1040,"url":"https:\/\/streetberlin.net\/wp-content\/uploads\/2019\/07\/martin-waltz-street-photography-berlin1.jpg","type":"image\/jpeg"}],"author":"Martin U Waltz","twitter_card":"summary_large_image","twitter_image":"https:\/\/streetberlin.net\/wp-content\/uploads\/2019\/07\/martin-waltz-street-photography-berlin1.jpg","twitter_creator":"@martinuwaltz","twitter_site":"@martinuwaltz","twitter_misc":{"Verfasst von":"Martin U Waltz","Gesch\u00e4tzte Lesezeit":"9\u00a0Minuten"},"schema":{"@context":"https:\/\/schema.org","@graph":[{"@type":"Article","@id":"https:\/\/streetberlin.net\/de\/das-german-street-photography-festival\/#article","isPartOf":{"@id":"https:\/\/streetberlin.net\/de\/das-german-street-photography-festival\/"},"author":{"name":"Martin U Waltz","@id":"https:\/\/streetberlin.net\/#\/schema\/person\/d45a81c744961c5cae7f3ec79174fd23"},"headline":"Das German Street Photography Festival &#8211; Die Inside Story","datePublished":"2019-07-03T10:26:15+00:00","dateModified":"2020-01-23T14:58:08+00:00","mainEntityOfPage":{"@id":"https:\/\/streetberlin.net\/de\/das-german-street-photography-festival\/"},"wordCount":1732,"commentCount":2,"publisher":{"@id":"https:\/\/streetberlin.net\/#\/schema\/person\/d45a81c744961c5cae7f3ec79174fd23"},"image":{"@id":"https:\/\/streetberlin.net\/de\/das-german-street-photography-festival\/#primaryimage"},"thumbnailUrl":"https:\/\/streetberlin.net\/wp-content\/uploads\/2019\/07\/German_Street_Photography_Festival.jpg","articleSection":["Foto Talk","Streetfotografie"],"inLanguage":"de","potentialAction":[{"@type":"CommentAction","name":"Comment","target":["https:\/\/streetberlin.net\/de\/das-german-street-photography-festival\/#respond"]}]},{"@type":"WebPage","@id":"https:\/\/streetberlin.net\/de\/das-german-street-photography-festival\/","url":"https:\/\/streetberlin.net\/de\/das-german-street-photography-festival\/","name":"Das German Street Photography Festival - Die Inside Story &#8226; Martin U Waltz","isPartOf":{"@id":"https:\/\/streetberlin.net\/#website"},"primaryImageOfPage":{"@id":"https:\/\/streetberlin.net\/de\/das-german-street-photography-festival\/#primaryimage"},"image":{"@id":"https:\/\/streetberlin.net\/de\/das-german-street-photography-festival\/#primaryimage"},"thumbnailUrl":"https:\/\/streetberlin.net\/wp-content\/uploads\/2019\/07\/German_Street_Photography_Festival.jpg","datePublished":"2019-07-03T10:26:15+00:00","dateModified":"2020-01-23T14:58:08+00:00","description":"Ein Erfahrungsbericht und Blick hinter die Kulissen des 1. German Street Photography Festivals im Juni 2019 von Martin U Waltz","breadcrumb":{"@id":"https:\/\/streetberlin.net\/de\/das-german-street-photography-festival\/#breadcrumb"},"inLanguage":"de","potentialAction":[{"@type":"ReadAction","target":["https:\/\/streetberlin.net\/de\/das-german-street-photography-festival\/"]}]},{"@type":"ImageObject","inLanguage":"de","@id":"https:\/\/streetberlin.net\/de\/das-german-street-photography-festival\/#primaryimage","url":"https:\/\/streetberlin.net\/wp-content\/uploads\/2019\/07\/German_Street_Photography_Festival.jpg","contentUrl":"https:\/\/streetberlin.net\/wp-content\/uploads\/2019\/07\/German_Street_Photography_Festival.jpg","width":1999,"height":1333,"caption":"German Street Photography Festival hamburg Martin U Waltz"},{"@type":"BreadcrumbList","@id":"https:\/\/streetberlin.net\/de\/das-german-street-photography-festival\/#breadcrumb","itemListElement":[{"@type":"ListItem","position":1,"name":"Home","item":"https:\/\/streetberlin.net\/de\/start_en\/"},{"@type":"ListItem","position":2,"name":"Das German Street Photography Festival &#8211; Die Inside Story"}]},{"@type":"WebSite","@id":"https:\/\/streetberlin.net\/#website","url":"https:\/\/streetberlin.net\/","name":"Martin U Waltz","description":"Street Fotografie Berlin","publisher":{"@id":"https:\/\/streetberlin.net\/#\/schema\/person\/d45a81c744961c5cae7f3ec79174fd23"},"potentialAction":[{"@type":"SearchAction","target":{"@type":"EntryPoint","urlTemplate":"https:\/\/streetberlin.net\/?s={search_term_string}"},"query-input":{"@type":"PropertyValueSpecification","valueRequired":true,"valueName":"search_term_string"}}],"inLanguage":"de"},{"@type":["Person","Organization"],"@id":"https:\/\/streetberlin.net\/#\/schema\/person\/d45a81c744961c5cae7f3ec79174fd23","name":"Martin U Waltz","image":{"@type":"ImageObject","inLanguage":"de","@id":"https:\/\/streetberlin.net\/wp-content\/uploads\/2019\/01\/Martin-U-Waltz-2.jpg","url":"https:\/\/streetberlin.net\/wp-content\/uploads\/2019\/01\/Martin-U-Waltz-2.jpg","contentUrl":"https:\/\/streetberlin.net\/wp-content\/uploads\/2019\/01\/Martin-U-Waltz-2.jpg","width":600,"height":300,"caption":"Martin U Waltz"},"logo":{"@id":"https:\/\/streetberlin.net\/wp-content\/uploads\/2019\/01\/Martin-U-Waltz-2.jpg"},"description":"Photographer \u2022 Writer \u2022 Educator","sameAs":["https:\/\/streetberlin.net\/","https:\/\/www.facebook.com\/martinuwaltz","https:\/\/www.instagram.com\/martinuwaltz\/","https:\/\/x.com\/martinuwaltz"]}]}},"_links":{"self":[{"href":"https:\/\/streetberlin.net\/de\/wp-json\/wp\/v2\/posts\/10714","targetHints":{"allow":["GET"]}}],"collection":[{"href":"https:\/\/streetberlin.net\/de\/wp-json\/wp\/v2\/posts"}],"about":[{"href":"https:\/\/streetberlin.net\/de\/wp-json\/wp\/v2\/types\/post"}],"author":[{"embeddable":true,"href":"https:\/\/streetberlin.net\/de\/wp-json\/wp\/v2\/users\/2"}],"replies":[{"embeddable":true,"href":"https:\/\/streetberlin.net\/de\/wp-json\/wp\/v2\/comments?post=10714"}],"version-history":[{"count":0,"href":"https:\/\/streetberlin.net\/de\/wp-json\/wp\/v2\/posts\/10714\/revisions"}],"wp:featuredmedia":[{"embeddable":true,"href":"https:\/\/streetberlin.net\/de\/wp-json\/wp\/v2\/media\/10831"}],"wp:attachment":[{"href":"https:\/\/streetberlin.net\/de\/wp-json\/wp\/v2\/media?parent=10714"}],"wp:term":[{"taxonomy":"category","embeddable":true,"href":"https:\/\/streetberlin.net\/de\/wp-json\/wp\/v2\/categories?post=10714"},{"taxonomy":"post_tag","embeddable":true,"href":"https:\/\/streetberlin.net\/de\/wp-json\/wp\/v2\/tags?post=10714"}],"curies":[{"name":"wp","href":"https:\/\/api.w.org\/{rel}","templated":true}]}}